{"id":57508,"date":"2026-04-24T15:44:00","date_gmt":"2026-04-24T20:14:00","guid":{"rendered":"https:\/\/deportesaldia.net\/?p=57508"},"modified":"2026-04-24T15:44:00","modified_gmt":"2026-04-24T20:14:00","slug":"las-palabras-de-xavi-pascual-tras-la-eliminacion-del-barca-en-la-euroliga","status":"publish","type":"post","link":"https:\/\/deportesaldia.net\/baloncesto\/las-palabras-de-xavi-pascual-tras-la-eliminacion-del-barca-en-la-euroliga\/","title":{"rendered":"Las palabras de Xavi Pascual tras la eliminaci\u00f3n del Bar\u00e7a en la Euroliga"},"content":{"rendered":"<p> <br \/>\n<\/p>\n<div>\n<p>Xavi Pascual atendi\u00f3 a los medios en rueda de prensa tras enfrentarse al AS M\u00f3naco en el \u00faltimo partido del Play-in por el \u00faltimo puesto en los playoffs Euroliga. El Bar\u00e7a cay\u00f3 por 79-70 en el Salle Gaston Mecedin.<\/p>\n<p><strong>M\u00e1s: <a href=\"https:\/\/www.gigantes.com\/euroliga\/barca-monaco-play-in-resultado-cronica-resumen\/\" target=\"_blank\" rel=\"noopener\">El AS M\u00f3naco se impone al Bar\u00e7a en el segundo partido del Play-in y avanza a cuartos de final de la Euroliga<\/a><\/strong><\/p>\n<div id=\"ez-toc-container\" class=\"ez-toc-v2_0_82_2 counter-hierarchy ez-toc-counter ez-toc-grey ez-toc-container-direction\">\n<div class=\"ez-toc-title-container\">\n<p class=\"ez-toc-title\" style=\"cursor:inherit\">Tabla de Contenidos<\/p>\n<span class=\"ez-toc-title-toggle\"><a href=\"#\" class=\"ez-toc-pull-right ez-toc-btn ez-toc-btn-xs ez-toc-btn-default ez-toc-toggle\" aria-label=\"Alternar tabla de contenidos\"><span class=\"ez-toc-js-icon-con\"><span class=\"\"><span class=\"eztoc-hide\" style=\"display:none;\">Toggle<\/span><span class=\"ez-toc-icon-toggle-span\"><svg style=\"fill: #999;color:#999\" xmlns=\"http:\/\/www.w3.org\/2000\/svg\" class=\"list-377408\" width=\"20px\" height=\"20px\" viewBox=\"0 0 24 24\" fill=\"none\"><path d=\"M6 6H4v2h2V6zm14 0H8v2h12V6zM4 11h2v2H4v-2zm16 0H8v2h12v-2zM4 16h2v2H4v-2zm16 0H8v2h12v-2z\" fill=\"currentColor\"><\/path><\/svg><svg style=\"fill: #999;color:#999\" class=\"arrow-unsorted-368013\" xmlns=\"http:\/\/www.w3.org\/2000\/svg\" width=\"10px\" height=\"10px\" viewBox=\"0 0 24 24\" version=\"1.2\" baseProfile=\"tiny\"><path d=\"M18.2 9.3l-6.2-6.3-6.2 6.3c-.2.2-.3.4-.3.7s.1.5.3.7c.2.2.4.3.7.3h11c.3 0 .5-.1.7-.3.2-.2.3-.5.3-.7s-.1-.5-.3-.7zM5.8 14.7l6.2 6.3 6.2-6.3c.2-.2.3-.5.3-.7s-.1-.5-.3-.7c-.2-.2-.4-.3-.7-.3h-11c-.3 0-.5.1-.7.3-.2.2-.3.5-.3.7s.1.5.3.7z\"\/><\/svg><\/span><\/span><\/span><\/a><\/span><\/div>\n<nav><ul class='ez-toc-list ez-toc-list-level-1 ' ><li class='ez-toc-page-1 ez-toc-heading-level-2'><a class=\"ez-toc-link ez-toc-heading-1\" href=\"https:\/\/deportesaldia.net\/baloncesto\/las-palabras-de-xavi-pascual-tras-la-eliminacion-del-barca-en-la-euroliga\/#La_rueda_de_prensa_de_Xavi_Pascual\" >La rueda de prensa de Xavi Pascual<\/a><\/li><\/ul><\/nav><\/div>\n<h2 class=\"wp-block-heading\"><span class=\"ez-toc-section\" id=\"La_rueda_de_prensa_de_Xavi_Pascual\"><\/span>La rueda de prensa de Xavi Pascual<span class=\"ez-toc-section-end\"><\/span><\/h2>\n<p>\u00abEn primer lugar, felicitar al M\u00f3naco por esta victoria y por alcanzar los cuartos de final de la competici\u00f3n. Para nosotros fue un partido en el que todo se decidi\u00f3 en el primer cuarto, en el que no jugamos bien. Empezamos muy mal, adem\u00e1s Satoransky se lesion\u00f3, y perdimos el control del partido por completo, tanto en ataque como en defensa, y nos quedamos como bloqueados, paralizados. Despu\u00e9s de eso, mantuvimos el marcador m\u00e1s o menos igualado en el segundo cuarto. Y en la segunda mitad fuimos un equipo completamente distinto. Remontamos el partido, tuvimos ocasiones para ganar. Est\u00e1bamos cinco puntos abajo al comienzo del \u00faltimo cuarto y en la primera jugada fallamos una bandeja. Despu\u00e9s tuvimos dos o tres situaciones de -6,  -5, en las que pudimos volver al partido por completo, pero siempre fall\u00e1bamos o pasaba algo\u00bb.<\/p>\n<p>\u00abCreo que hemos estado hasta cuatro veces cerca: una es la primera pelota del \u00faltimo cuarto, que fallamos una bandeja bajo aro, luego tuvimos ese tiro de Brizuela, luego tuvimos un saque lateral del que no sacamos ventaja y comimos la posesi\u00f3n. Y despu\u00e9s hemos tenido una situaci\u00f3n de ir por al poste bajo que nos han pitido falta de ataque en el bloqueo. Ha habido cuatro como m\u00ednimo, que las tenga en la cabeza, quiz\u00e1s ha habido alguna m\u00e1s, pero en estas cuatro siempre nos ha faltado algo. La cara del equipo en la segunda parte ha sido diferente, pero la primera parte hemos estado sin f\u00edsico suficiente para competir, sin suficiente mentalidad. De alguna manera, cuando Satoransky se nos han lesionado, hemos perdido de nuevo el norte y nos ha costado mucho entrar de nuevo en el partido. En la segunda parte lo hemos conseguido, jugando diferente con Dar\u00edo y Juani y hemos entrado diferente al partido, pero no ha sido suficiente\u00bb.<\/p>\n<p>\u00abLo de Satoransky ha sido en la espalda. Hemos intentado pinchar, \u00e9l lo ha intentado. En la segunda entrada ya no est\u00e1s bien. Ha intentado seguir cuando estaba caliente, pero tampoco nos pod\u00eda dar lo que acostumbra y, claro, ya nos ha sido complicado volver emocionalmente al partido, hasta que no hemos ido al descanso. Hemos vuelto, pero ya ha sido tarde\u00bb.<\/p>\n<p>\u00abNos ha pasado much\u00edsimas cosas. Nos hemos dejado dos o tres victorias que claramente deber\u00edamos tener en otra circunstancia. Siempre hemos ido a remolque, hemos tenido que reinventarnos muchas veces, el equipo f\u00edsicamente ha ca\u00eddo muchas veces a nivel de lesiones y al final hemos entrado en esta recta final\u2026 contra Kaunas ten\u00edamos opciones de ganar, all\u00ed perdemos en Satorasnky, hemos perdido un poquito las posibilidades de ganar producto de ello durante tres partidos consecutivos. Despu\u00e9s hemos vuelto de nuevo, hemos conseguido el de Bayern y el de Estrella Roja, pero hoy nos ha vuelto a pasar y ya no hemos sido suficientes ni defensiva ni ofensivamente para ganar un partido como este\u00bb.<\/p>\n<p>\u00abLo primero ser\u00e1 este partido que tenemos el domingo por la ma\u00f1ana, con 36 horas despu\u00e9s de la decepci\u00f3n, no ser\u00e1 f\u00e1cil jugar, pero tenemos que recuperarnos y seguir adelante. Quedan siete partidos, si no me equivoco, de la liga regular de la ACB y debemos intentar acabar lo m\u00e1s arriba posible para arrancar el play-off con la mejor posici\u00f3n posible, pero ser\u00e1 dif\u00edcil\u00bb.<\/p>\n<p class=\"has-text-align-right\"><em>Foto: Getty Images<\/em><\/p>\n<section class=\"magazine-section\">\n<div class=\"magazine-block\" style=\"background-image: url(https:\/\/cdn.gigantes.com\/wp-content\/uploads\/sites\/4\/2026\/04\/Magazine_Mockup_v01-8-scaled-e1775556284551.jpg);\">\n<div class=\"magazine-content\">\n<div class=\"magazine-image\">\n\t\t\t\t\t\t<a href=\"https:\/\/www.gigantes.com\/tienda\/hemeroteca\/el-mayor-evento-de-la-historia-del-baloncesto-femenino-europeo-no-1-567-abril-2026\/\" target=\"_blank\" rel=\"noopener\"><br \/>\n\t\t\t\t\t\t\t<img decoding=\"async\" src=\"https:\/\/cdn.gigantes.com\/wp-content\/uploads\/sites\/4\/2026\/04\/portada-gigantes-abril.jpg\" alt=\"Revista Gigantes\"\/><br \/>\n\t\t\t\t\t\t<\/a>\n\t\t\t\t\t<\/div>\n<div class=\"magazine-text\">\n<p class=\"magazine-meta\">\n\t\t\t\t\t\t\t\t\t\t\t\t\t\t\t\t\t<span class=\"magazine-number\">1.567<\/span><br \/>\n\t\t\t\t\t\t\t\t\t\t\t\t\t\t\t\t\t\t\t\t\t\t\t\t\t<span class=\"magazine-separator\"> | <\/span><br \/>\n\t\t\t\t\t\t\t\t\t\t\t\t\t\t\t\t\t\t\t\t\t\t\t\t\t<span class=\"magazine-date\">Abril 2026<\/span>\n\t\t\t\t\t\t\t\t\t\t\t\t\t\t\t<\/p>\n<p class=\"magazine-description\">Zaragoza alberta una cita \u00fanica: y m\u00e1s. Radja, NBA, Liga Endesa\u2026<\/p>\n<p>\t\t\t\t\t<a href=\"https:\/\/www.gigantes.com\/tienda\/hemeroteca\/el-mayor-evento-de-la-historia-del-baloncesto-femenino-europeo-no-1-567-abril-2026\/\" class=\"btn-primary\" target=\"_blank\" rel=\"noopener\">Comprar<\/a><\/p><\/div>\n<\/p><\/div>\n<\/p><\/div>\n<\/section>\n<p><img decoding=\"async\" src=\"https:\/\/lucas.gigantes.com\/mtracking.gif?tags=i-euroliga, i-bar\u00e7a, i-xavi-pascual\" alt=\"Etiquetas de Mautic\" style=\"display:none;\"\/>\n\t\t\t\t\t<\/div>\n<p><br \/>\n<br \/><a href=\"https:\/\/www.gigantes.com\/euroliga\/las-palabras-de-xavi-pascual-barca-monaco-play-in\/\" target=\"_blank\" rel=\"noopener\">Source link <\/a><\/p>\n","protected":false},"excerpt":{"rendered":"<p>Xavi Pascual atendi\u00f3 a los medios en rueda de prensa tras enfrentarse al AS M\u00f3naco en el \u00faltimo partido del Play-in por el \u00faltimo puesto en los playoffs Euroliga. El Bar\u00e7a cay\u00f3 por 79-70 en el Salle Gaston Mecedin. M\u00e1s: El AS M\u00f3naco se impone al Bar\u00e7a en el segundo partido del Play-in y avanza [&hellip;]<\/p>\n","protected":false},"author":1,"featured_media":57509,"comment_status":"closed","ping_status":"closed","sticky":false,"template":"","format":"standard","meta":{"footnotes":""},"categories":[33],"tags":[],"class_list":["post-57508","post","type-post","status-publish","format-standard","has-post-thumbnail","hentry","category-baloncesto"],"_links":{"self":[{"href":"https:\/\/deportesaldia.net\/wp-json\/wp\/v2\/posts\/57508","targetHints":{"allow":["GET"]}}],"collection":[{"href":"https:\/\/deportesaldia.net\/wp-json\/wp\/v2\/posts"}],"about":[{"href":"https:\/\/deportesaldia.net\/wp-json\/wp\/v2\/types\/post"}],"author":[{"embeddable":true,"href":"https:\/\/deportesaldia.net\/wp-json\/wp\/v2\/users\/1"}],"replies":[{"embeddable":true,"href":"https:\/\/deportesaldia.net\/wp-json\/wp\/v2\/comments?post=57508"}],"version-history":[{"count":0,"href":"https:\/\/deportesaldia.net\/wp-json\/wp\/v2\/posts\/57508\/revisions"}],"wp:featuredmedia":[{"embeddable":true,"href":"https:\/\/deportesaldia.net\/wp-json\/wp\/v2\/media\/57509"}],"wp:attachment":[{"href":"https:\/\/deportesaldia.net\/wp-json\/wp\/v2\/media?parent=57508"}],"wp:term":[{"taxonomy":"category","embeddable":true,"href":"https:\/\/deportesaldia.net\/wp-json\/wp\/v2\/categories?post=57508"},{"taxonomy":"post_tag","embeddable":true,"href":"https:\/\/deportesaldia.net\/wp-json\/wp\/v2\/tags?post=57508"}],"curies":[{"name":"wp","href":"https:\/\/api.w.org\/{rel}","templated":true}]}}